{"id":1257,"date":"2021-06-08T04:17:00","date_gmt":"2021-06-08T02:17:00","guid":{"rendered":"http:\/\/nurheute.net\/?p=1257"},"modified":"2021-06-07T18:24:26","modified_gmt":"2021-06-07T16:24:26","slug":"wer-und-warum","status":"publish","type":"post","link":"http:\/\/nurheute.net\/?p=1257","title":{"rendered":"Wer und warum?"},"content":{"rendered":"\n<p>Gerade stecke ich mitten in einem Seminar \u00fcber den R\u00f6merbrief. Am ersten Vormittag haben wir uns fast ausschlie\u00dflich mit dem Anfang des ersten Kapitels besch\u00e4ftigt. Ich mag es wenn man so lange auf einzelnen Versen herumkaut. Oft entfalten sie dann einen ganz eigenen Geschmack. Wie Kr\u00e4uter, die anfangen zu duften, wenn man sie zwischen den Fingern reibt. <\/p>\n\n\n\n<p>Was bei mir vor allem h\u00e4ngen blieb war der Satz, mit dem Paulus sich selbst beschreibt: <strong>&#8222;Paulus, ein Diener\/Knecht\/Sklave Jesu Christi. Berufener Gesandter\/Apostel.&#8220;<\/strong><br>Wie klar sein Bild \u00fcber sich selbst und \u00fcber seinen Dienst war. Beneidenswert.<\/p>\n\n\n\n<p>Paulus wei\u00df zu wem er geh\u00f6rt. Er definiert sich \u00fcber Jesus. Egal was ihm in seinem Leben begegnet, ob er gefeiert oder verachtet wird &#8211; es \u00e4ndert nichts an seiner Zugeh\u00f6rigkeit. <br>Und Paulus wei\u00df, warum er tut was er tut: er ist berufen. Er ist gesandt. Das ist seine Antwort auf die Frage nach dem Warum. Wenn er ersch\u00f6pft war, frustriert, \u00e4ngstlich oder auch wenn er sich gefreut hat und dankbar war &#8211; die Antwort auf die Frage warum er sich das alles antut ist immer die gleiche gewesen: weil ich berufen und gesandt bin von meinem Herrn. <br><br>Nun bin ich nicht Paulus. Weder mein Bekehrungserlebnis noch meine Berufung waren so eindr\u00fccklich und eindeutig wie bei ihm. In vieles in meinem Leben bin ich einfach so reingestolpert, w\u00e4hrend ich in anderen Bereichen immer wieder vor verschlossene T\u00fcren gerannt bin. <br><br>Doch bei all den Unterschieden bin ich mir sicher, dass es bis heute an den beiden Fragen h\u00e4ngt, ob ein Leben im inneren Frieden und im Frieden mit Gott verlaufen kann: <br><br>* Zu wem geh\u00f6re ich? <br>* Warum tue ich, was ich tue?<\/p>\n\n\n\n<p>Eigentlich kenne ich meine Antworten auf diese Fragen. Ich hatte das alles schon mal gekl\u00e4rt. Aber bei dem Seminar \u00fcber den R\u00f6merbrief wurde mir bewusst, dass meine Antworten an Profil verloren haben. Es schleichen sich so schnell andere Antworten ein.  Zu wem geh\u00f6re ich, \u00fcber was definiere ich mich? Mein Familienstand? Der Zustand meiner Ehe? Mein beruflicher Erfolg? Ob ich das mit dem Intervallfasten oder das mit der Ern\u00e4hrung schaffe? Die Noten bei meinem Studium? Es gibt so vieles, \u00fcber das ich mich so schnell definiere. <\/p>\n\n\n\n<p>Bei der Frage warum ich etwas tue, ist es noch schlimmer. Sehr schnell tue ich etwas nur noch aus Pflichtbewusstsein. Weil ich es versprochen habe. Weil man es halt so macht und es (von wem auch immer&#8230;meistens von mir selbst) erwartet wird. <br><br>Ich wei\u00df nicht ob Paulus sich immer wieder mit Jesus zusammensetzen musste um die beiden Fragen zu kl\u00e4ren. Ich wei\u00df nur, dass ich es definitiv tun muss. Immer wieder. Und ich denke, dass ist auch ganz gut so.<br><br><strong>Blogpause<\/strong><br>Ihr Lieben, ich mich f\u00fcr den Juni hier ab. Ich merke, dass ich dringend ein P\u00e4uschen brauche. Ein bisschen bei Jesus sitzen, F\u00fc\u00dfe auf die Couch und Nase in den Wald. Mal ganz ohne schreiben und reflektieren. Ich w\u00fcnsche euch einen wundersch\u00f6nen Start in den Sommer. <strong>Wir lesen uns im Juli wieder, wenn ihr m\u00f6gt.<\/strong> Ich w\u00fcrde mich sehr freuen. Passt auf euch auf und benutzt Sonnencreme \ud83d\ude42 <br><br><br><\/p>\n","protected":false},"excerpt":{"rendered":"<p>Gerade stecke ich mitten in einem Seminar \u00fcber den R\u00f6merbrief. Am ersten Vormittag haben wir uns fast ausschlie\u00dflich mit dem Anfang des ersten Kapitels besch\u00e4ftigt. Ich mag es wenn man so lange auf einzelnen Versen herumkaut. Oft entfalten sie dann einen ganz eigenen Geschmack. Wie Kr\u00e4uter, die anfangen zu duften, wenn man sie zwischen den Fingern reibt. <\/p>\n","protected":false},"author":2,"featured_media":1260,"comment_status":"open","ping_status":"open","sticky":false,"template":"","format":"standard","meta":{"_links_to":"","_links_to_target":""},"categories":[66],"tags":[],"acf":[],"_links":{"self":[{"href":"http:\/\/nurheute.net\/index.php?rest_route=\/wp\/v2\/posts\/1257"}],"collection":[{"href":"http:\/\/nurheute.net\/index.php?rest_route=\/wp\/v2\/posts"}],"about":[{"href":"http:\/\/nurheute.net\/index.php?rest_route=\/wp\/v2\/types\/post"}],"author":[{"embeddable":true,"href":"http:\/\/nurheute.net\/index.php?rest_route=\/wp\/v2\/users\/2"}],"replies":[{"embeddable":true,"href":"http:\/\/nurheute.net\/index.php?rest_route=%2Fwp%2Fv2%2Fcomments&post=1257"}],"version-history":[{"count":3,"href":"http:\/\/nurheute.net\/index.php?rest_route=\/wp\/v2\/posts\/1257\/revisions"}],"predecessor-version":[{"id":1261,"href":"http:\/\/nurheute.net\/index.php?rest_route=\/wp\/v2\/posts\/1257\/revisions\/1261"}],"wp:featuredmedia":[{"embeddable":true,"href":"http:\/\/nurheute.net\/index.php?rest_route=\/wp\/v2\/media\/1260"}],"wp:attachment":[{"href":"http:\/\/nurheute.net\/index.php?rest_route=%2Fwp%2Fv2%2Fmedia&parent=1257"}],"wp:term":[{"taxonomy":"category","embeddable":true,"href":"http:\/\/nurheute.net\/index.php?rest_route=%2Fwp%2Fv2%2Fcategories&post=1257"},{"taxonomy":"post_tag","embeddable":true,"href":"http:\/\/nurheute.net\/index.php?rest_route=%2Fwp%2Fv2%2Ftags&post=1257"}],"curies":[{"name":"wp","href":"https:\/\/api.w.org\/{rel}","templated":true}]}}