{"id":1225,"date":"2021-04-27T05:16:00","date_gmt":"2021-04-27T03:16:00","guid":{"rendered":"http:\/\/nurheute.net\/?p=1225"},"modified":"2021-04-26T19:18:50","modified_gmt":"2021-04-26T17:18:50","slug":"tschuess-winter","status":"publish","type":"post","link":"http:\/\/nurheute.net\/?p=1225","title":{"rendered":"Tsch\u00fcss Winter"},"content":{"rendered":"\n<p>In unserer Wohnung duftet es nach warmem Hefeteig und&nbsp; Gew\u00fcrzen. Eigentlich ein Geruch der in die Herbst- und Winterzeit geh\u00f6rt. Aber mein Mann hat sich zu seinem Geburtstag Mohn- und Zimtschnecken gew\u00fcnscht. Und ich beschlie\u00dfe, dass es eine wunderbare Gelegenheit ist, um sich freundlich aber nachdr\u00fccklich vom Winter zu verabschieden.<\/p>\n\n\n\n<p>Dieses Jahr war die kalte Jahreszeit, wie selten zuvor, von Ambivalenz gepr\u00e4gt. Eigentlich mag ich den Winter. Und es gab auch Zeiten, wo ich dankbar war, dass das Leben drau\u00dfen nicht sprie\u00dft und jubelt, sondern es still ist und das Wetter zum erzwungenen R\u00fcckzug passt. Doch gleichzeitig war die Coronastimmung so dr\u00fcckend, dass ein wenig mehr Licht drau\u00dfen schon nett gewesen w\u00e4re.<\/p>\n\n\n\n<p>Als es dann endlich heller und w\u00e4rmer wurde, war auch die Stimmung schlagartig besser&#8230;.bis die K\u00e4lte zur\u00fcck kam. Bei uns hat es erst vor kurzem aufgeh\u00f6rt zu schneien. Das hat leider viele Magnolien ihre wundersch\u00f6nen Bl\u00fcten gekostet. Ich war ganz sch\u00f6n sauer auf den Schnee. Doch jetzt, wo es an&#8217;s Verabschieden geht, m\u00f6chte ich trotzdem noch einmal Danke sagen.<\/p>\n\n\n\n<p>Danke&#8230;<\/p>\n\n\n\n<ul><li>F\u00fcr die m\u00e4rchenhaften Schneespazierg\u00e4nge<\/li><li>F\u00fcr hei\u00dfe Schokolade<\/li><li>Daf\u00fcr, dass es am Schreibtisch so gem\u00fctlich war, w\u00e4hrend drau\u00dfen der Wind eisig war<\/li><li>F\u00fcr meine warme Kuscheldecke und die vielen guten B\u00fccher<\/li><li>F\u00fcr die langen N\u00e4chte mit ihrer Stille und den Kerzen&nbsp;<\/li><\/ul>\n\n\n\n<p>Aber jetzt bin ich einfach nur froh, dass die Sonne wieder kitzelt. Wie sich, allein durch das Licht, eine Schwere von meinem Herzen hebt. Und ich bin Gott einmal mehr unendlich dankbar, dass er Jahreszeiten erschaffen hat.<\/p>\n\n\n\n<p>Alles hat seine Zeit. Und jetzt ist Blumenpfl\u00fcckzeit!!<\/p>\n","protected":false},"excerpt":{"rendered":"<p>In unserer Wohnung duftet es nach warmem Hefeteig und  Gew\u00fcrzen. Eigentlich ein Geruch der in die Herbst- und Winterzeit geh\u00f6rt. Aber mein Mann hat sich zu seinem Geburtstag Mohn- und Zimtschnecken gew\u00fcnscht. Und ich beschlie\u00dfe, dass es eine wunderbare Gelegenheit ist, um sich freundlich aber nachdr\u00fccklich vom Winter zu verabschieden.<\/p>\n","protected":false},"author":2,"featured_media":1226,"comment_status":"open","ping_status":"open","sticky":false,"template":"","format":"standard","meta":{"_links_to":"","_links_to_target":""},"categories":[8,29],"tags":[],"acf":[],"_links":{"self":[{"href":"http:\/\/nurheute.net\/index.php?rest_route=\/wp\/v2\/posts\/1225"}],"collection":[{"href":"http:\/\/nurheute.net\/index.php?rest_route=\/wp\/v2\/posts"}],"about":[{"href":"http:\/\/nurheute.net\/index.php?rest_route=\/wp\/v2\/types\/post"}],"author":[{"embeddable":true,"href":"http:\/\/nurheute.net\/index.php?rest_route=\/wp\/v2\/users\/2"}],"replies":[{"embeddable":true,"href":"http:\/\/nurheute.net\/index.php?rest_route=%2Fwp%2Fv2%2Fcomments&post=1225"}],"version-history":[{"count":1,"href":"http:\/\/nurheute.net\/index.php?rest_route=\/wp\/v2\/posts\/1225\/revisions"}],"predecessor-version":[{"id":1227,"href":"http:\/\/nurheute.net\/index.php?rest_route=\/wp\/v2\/posts\/1225\/revisions\/1227"}],"wp:featuredmedia":[{"embeddable":true,"href":"http:\/\/nurheute.net\/index.php?rest_route=\/wp\/v2\/media\/1226"}],"wp:attachment":[{"href":"http:\/\/nurheute.net\/index.php?rest_route=%2Fwp%2Fv2%2Fmedia&parent=1225"}],"wp:term":[{"taxonomy":"category","embeddable":true,"href":"http:\/\/nurheute.net\/index.php?rest_route=%2Fwp%2Fv2%2Fcategories&post=1225"},{"taxonomy":"post_tag","embeddable":true,"href":"http:\/\/nurheute.net\/index.php?rest_route=%2Fwp%2Fv2%2Ftags&post=1225"}],"curies":[{"name":"wp","href":"https:\/\/api.w.org\/{rel}","templated":true}]}}